{"id":1734,"date":"2012-08-02T08:32:27","date_gmt":"2012-08-02T07:32:27","guid":{"rendered":"http:\/\/cshelp.net\/blog\/?p=1734"},"modified":"2012-08-26T13:23:27","modified_gmt":"2012-08-26T12:23:27","slug":"bra7-brandung-folge-7-selbstreferentielle-heise-eisen-2","status":"publish","type":"post","link":"http:\/\/cshelp.net\/blog\/?p=1734","title":{"rendered":"BRA007 \u2013 Selbstreferentielle hei\u00dfe Eisen"},"content":{"rendered":"<p><a href=\"http:\/\/blog.weezerle.de\/wp-content\/uploads\/2012-07-28-08.47.26.jpg\"><img decoding=\"async\" class=\"size-large wp-image-2293\" title=\"\" src=\"http:\/\/blog.weezerle.de\/wp-content\/uploads\/2012-07-28-08.47.26-1024x768.jpg\" alt=\"\" width=\"500\" \/><\/a><\/p>\n<p>Gestern war es mal wieder so weit. Torben und ich haben uns zum Plaudern mit eingeschaltetem Micro getroffen. Dieses mal plaudern wir zun\u00e4chst h\u00f6chst selbstreferentiell \u00fcber den Podcast, unsere Pl\u00e4ne und Ideen dazu und im Verlauf greifen wir auch ein paar paar ganz hei\u00dfe Eisen auf.<\/p>\n<p>Der Podcast ist wie immer im Audioportal des Piratenpartei Landesverbands Brandenburg zu finden. Viel Spa\u00df beim H\u00f6ren!<\/p>\n<p>Link zum Podcast: <a title=\"Audioportal des Landesverbands Brandenburg\" href=\"http:\/\/audio.piratenbrandenburg.de\/brandung.html\" target=\"_blank\">Selbstreferentielle hei\u00dfe Eisen<\/a><br \/>\nDownload: <a href=\"http:\/\/audio.piratenbrandenburg.de\/brandung\/podcast-0007.mp3\" target=\"_blank\">mp3<\/a> (ca. 80 MB, <a href=\"https:\/\/bitlove.org\/mitgezwitschert\/brandung\/podcast-0007.mp3.torrent\">.torrent<\/a>), <a href=\"http:\/\/audio.piratenbrandenburg.de\/brandung\/podcast-0007.oga\" target=\"_blank\">oga<\/a> (ca. 85 MB, <a href=\"http:\/\/bitlove.org\/mitgezwitschert\/brandung\/podcast-0007.oga.torrent\">.torrent<\/a>)<br \/>\nDauer: ca. 1h56min<br \/>\n(aufgenommen am 30.07.2012)<\/p>\n<p>Gespr\u00e4chspartner:<\/p>\n<ul>\n<li><a title=\"Torben\" href=\"http:\/\/wiki.piratenbrandenburg.de\/Benutzer:Weezerle\" target=\"_blank\">Torben Reichert (Weezerle)<\/a><\/li>\n<li><a title=\"Christoph B.\" href=\"http:\/\/wiki.piratenbrandenburg.de\/Benutzer:Christoph_B.\">Christoph Br\u00fcckmann (Mitgezwitschert\/Chris Nain)<\/a><\/li>\n<\/ul>\n<p>Links:<\/p>\n<ul>\n<li>Zum Podcast:\n<ul>\n<li>Intro<\/li>\n<li>Ein eigenes Blog (kommt irgendwann mal)<\/li>\n<li><a href=\"http:\/\/www.podcast.de\/podcast\/79245\/\" target=\"_blank\">Brandung bei podcast.de<\/a><\/li>\n<li><a href=\"http:\/\/bitlove.org\/mitgezwitschert\/brandung\" target=\"_blank\">Brandung bei Bitlove.org<\/a><\/li>\n<li><a href=\"https:\/\/auphonic.com\/\" target=\"_blank\">Auphonic (Post Production)<\/a><\/li>\n<li><a href=\"http:\/\/podlove.org\/\" target=\"_blank\">podlove<\/a> (<a href=\"http:\/\/wordpress.org\/extend\/plugins\/podlove-podcasting-plugin-for-wordpress\/\" target=\"_blank\">WordPress PlugIn<\/a> &#8211; <a href=\"http:\/\/podlove.org\/podlove-wordpress-plugin\/\" target=\"_blank\">Blogbeitrag zum Plugin<\/a>)<\/li>\n<li>G\u00e4ste!<\/li>\n<\/ul>\n<\/li>\n<li>2. Potsdamer Konferenz #pk12\n<ul>\n<li><a href=\"http:\/\/www.potsdamer-konferenz.org\/wordpress\/\" target=\"_blank\">Blog der #pk12<\/a><\/li>\n<li><a href=\"http:\/\/audio.piratenbrandenburg.de\/poko.html\" target=\"_blank\">Audio-Mitschnitte der Vortr\u00e4ge<\/a><\/li>\n<li><a href=\"http:\/\/wiki.piratenbrandenburg.de\/AG_Presse-_und_%C3%96ffentlichkeitsarbeit\/Pressespiegel#Special:_Potsdamer_Konferenz_.23PK12\" target=\"_blank\">Pressespiegel<\/a><\/li>\n<li><a href=\"https:\/\/lqfb.piratenpartei.de\/pp\/initiative\/show\/3744.html\" target=\"_blank\">Europa 2.0 Antr\u00e4ge<\/a> von <a href=\"https:\/\/twitter.com\/crackpille\" target=\"_blank\">@crackpille<\/a><\/li>\n<li><a href=\"http:\/\/ppeu.net\/\" target=\"_blank\">PPEU<\/a><\/li>\n<li><a href=\"http:\/\/ninjagonzo.de\/post\/28336900987\/die-pk12-aus-meiner-sicht\" target=\"_blank\">Eindr\u00fccken von der #pk12<\/a> von <a href=\"https:\/\/twitter.com\/_Jenny_Lou\" target=\"_blank\">@_Jenny_Lou<\/a><\/li>\n<li><a href=\"http:\/\/klabautercast.de\/2012\/07\/31\/folge-95-potsdamer-konferenz-europapolitik\/\" title=\"Klabautercast 95\" target=\"_blank\">Klabautercast 95<\/a> von <a href=\"https:\/\/twitter.com\/martinhaase\" target=\"_blank\">@martinhaase<\/a> mit <a href=\"http:\/\/wiki.piratenpartei.de\/Benutzer:Crackpille\" target=\"_blank\">@crackpille<\/a>, <a href=\"http:\/\/wiki.piratenpartei.de\/Benutzer:Senficon\" target=\"_blank\">@senficon<\/a> und <a href=\"http:\/\/wiki.piratenpartei.de\/Benutzer:Dichter\" target=\"_blank\">@dichter<\/a><\/li>\n<li><a href=\"https:\/\/twitter.com\/weezerle\/status\/230229833270034432\" target=\"_blank\">&#8222;Don&#8217;t trust the humans!&#8220;<\/a><\/li>\n<\/ul>\n<\/li>\n<li>&#8222;Partei der Vernunft&#8220;\n<ul>\n<li><a href=\"http:\/\/psiram.com\/ge\/index.php?title=Spezial%3ASuche&amp;profile=default&amp;search=pdv&amp;fulltext=Search\" target=\"_blank\">Psiram-Suche zur PdV<\/a><\/li>\n<li>WP: <a href=\"http:\/\/de.wikipedia.org\/wiki\/Anonymous_(Kollektiv)\" target=\"_blank\">Anonymous<\/a><\/li>\n<li>WP: <a href=\"http:\/\/de.wikipedia.org\/wiki\/Online-Demonstration#Online-Demos_in_Deutschland\" target=\"_blank\">Online-Demonstrationen<\/a> (Lufthansa war 2001, nicht &#8222;90&#8217;er Jahre&#8220;, das Gericht war nicht das BVerfG sondern das OLG Frankfurt)<\/li>\n<li>WP: <a href=\"http:\/\/de.wikipedia.org\/wiki\/LOIC\" target=\"_blank\">Low Orbit Ion Cannon<\/a><\/li>\n<li><a href=\"http:\/\/chanology-wiki.info\/scientology\/gefahren\/rechtsextremismus\" target=\"_blank\">&#8222;Scientology und der Rechtsextremismus&#8220;<\/a> (Goldschmied Fabian)<\/li>\n<li><a href=\"http:\/\/www.antifaschismus2.de\/index.php?option=com_content&amp;view=article&amp;id=143:bonustext-qmaking-of-fabianq-wer-steckt-dahinter&amp;catid=61:finanzenwirtschaft&amp;Itemid=70\" target=\"_blank\">Wer steckt hinter &#8222;Goldschmied Fabian&#8220;?<\/a><\/li>\n<li><a href=\"http:\/\/www.hoaxilla.com\/\" target=\"_blank\">Podcast-Empfehlung: &#8222;Hoaxilla&#8220;<\/a><\/li>\n<li>07.08.2012 19.00 Uhr &#8222;Dicker Engel &#8211; Verschw\u00f6rungstheorien&#8220; (<a href=\"https:\/\/sgsocialmedia.piratenpad.de\/VTs\" target=\"_blank\">pad<\/a>)<\/li>\n<\/ul>\n<\/li>\n<li>Neupiraten-Rant\n<ul>\n<li><a href=\"http:\/\/neupiraten.deplaced.net\/\" target=\"_blank\">&#8222;Liebe Neupiraten&#8220;<\/a><\/li>\n<li><a href=\"http:\/\/www.marinaslied.de\/?p=742\" target=\"_blank\">Antwort von @afelia<\/a><\/li>\n<li><a href=\"http:\/\/snerz.de\/blog\/tirsales\/2012\/07\/13\/neu-vs-alt-ein-trauerspiel\" target=\"_blank\">Antwort von Sebastian Nerz<\/a><\/li>\n<\/ul>\n<\/li>\n<li>Einschub\n<ul>\n<li>WP: <a href=\"http:\/\/de.wikipedia.org\/wiki\/INDECT\" target=\"_blank\">INDECT<\/a><\/li>\n<li>YouTube: <a href=\"http:\/\/www.youtube.com\/watch?v=8lvo9omTwQo\" target=\"_blank\">INDECT-Demo in der Tagesschau<\/a><\/li>\n<li>YouTube: <a href=\"http:\/\/www.youtube.com\/watch?v=nJqIHL5kSWQ\" target=\"_blank\">INDECT-Demo in den Tagesthemen<\/a><\/li>\n<li>Rechts- und Linksextremismus sind nicht gleichzusetzen!<\/li>\n<li><a href=\"http:\/\/www.wider-die-windmuehlen.de\/2011\/12\/warum-die-piratenpartei-nicht-%E2%80%9Egegen-extremismus-jeder-art%E2%80%9C-ist\/\" target=\"_blank\">Warum die Piratenpartei nicht gegen Extremismus jeder Art ist<\/a><\/li>\n<\/ul>\n<\/li>\n<li>Ein ganz hei\u00dfen Eisen\n<ul>\n<li>&#8222;<a href=\"http:\/\/www.justiz.nrw.de\/nrwe\/lgs\/koeln\/lg_koeln\/j2012\/151_Ns_169_11_Urteil_20120507.html\" target=\"_blank\">Urteil des Langerichts K\u00f6ln<\/a>&#8222;<\/li>\n<li>soziopod: &#8222;<a href=\"http:\/\/soziopod.de\/2012\/07\/soziopod-017-das-beschneidungsdilemma\/\" target=\"_blank\">Das Beschneidungsdilemma<\/a>&#8222;<\/li>\n<li>@afelia zum Thema: &#8222;<a href=\"http:\/\/www.marinaslied.de\/?p=730\" target=\"_blank\">Das Ende vom Glied<\/a>&#8222;<\/li>\n<li>FAZ: <a href=\"http:\/\/www.faz.net\/aktuell\/politik\/inland\/beschneidungsdebatte-unsere-seltsame-tradition-11827726.html\" target=\"_blank\">&#8222;Unsere seltsame Tradition&#8220;<\/a><\/li>\n<\/ul>\n<\/li>\n<li>Sonstiges\n<ul>\n<li><a href=\"http:\/\/www.dailymail.co.uk\/news\/article-2173122\/Royal-Navys-largest-warship-sails-Thames-armed-forces-strength-Olympics.html\" target=\"_blank\">Milit\u00e4r bei den Olympischen Spielen<\/a><\/li>\n<li><a href=\"http:\/\/wiki.piratenbrandenburg.de\/Parteitag\/2012.2\" target=\"_blank\">2. Landesparteitag 2012<\/a> (Antragsbuch: <a href=\"http:\/\/wiki.piratenbrandenburg.de\/Datei:LPTBB2012.2_Antragsbuch_online.pdf\" target=\"_blank\">.pdf<\/a>)<\/li>\n<li>Themen der kommenden Sendungen<\/li>\n<li>Piratentechnik <a href=\"http:\/\/wiki.piratenbrandenburg.de\/Datei:HandbuchfuerLandratten.pdf\" target=\"_blank\">&#8222;Handbuch f\u00fcr Landratten&#8220;<\/a><\/li>\n<\/ul>\n<\/li>\n<\/ul>\n<div>Wir hoffen ihr hattet Spa\u00df an unserer Outdoor-Talkrunde und wenn ihr Kritik, Lob oder Ideen habt, dann teilt uns das doch bitte mit. Demn\u00e4chst wird dann eine Ausgabe mit den Antr\u00e4gen zum LPT 2012.2 folgen. Achja, besonders w\u00fcrde uns interessieren was Ihr von die Umgebungsger\u00e4usche haltet? St\u00f6rend oder als Komfort-Rauschen angenehm?<\/div>\n<div><\/div>\n<p>PS: Torben hat sich um Quellen, Postproduction und Blogformat gek\u00fcmmert, danke daf\u00fcr! \ud83d\ude42<\/p>\n<div class=\"twoclick_social_bookmarks_post_1734 social_share_privacy clearfix 1.6.4 locale-de_DE sprite-de_DE\"><\/div><div class=\"twoclick-js\"><script type=\"text\/javascript\">\/* <![CDATA[ *\/\njQuery(document).ready(function($){if($('.twoclick_social_bookmarks_post_1734')){$('.twoclick_social_bookmarks_post_1734').socialSharePrivacy({\"services\":{\"facebook\":{\"status\":\"on\",\"txt_info\":\"\",\"perma_option\":\"off\",\"action\":\"recommend\",\"language\":\"de_DE\"},\"twitter\":{\"reply_to\":\"Mitgezwitschert\",\"tweet_text\":\"BRA007%20%E2%80%93%20Selbstreferentielle%20hei%C3%9Fe%20Eisen\",\"status\":\"on\",\"txt_info\":\"\",\"perma_option\":\"off\",\"language\":\"de\",\"referrer_track\":\"\"},\"gplus\":{\"status\":\"on\",\"txt_info\":\"\",\"perma_option\":\"off\",\"referrer_track\":\"\"}},\"txt_help\":\"\",\"settings_perma\":\"\",\"info_link\":\"\",\"uri\":\"http:\\\/\\\/cshelp.net\\\/blog\\\/?p=1734\",\"post_id\":1734,\"post_title_referrer_track\":\"BRA007+%E2%80%93+Selbstreferentielle+hei%C3%9Fe+Eisen\",\"display_infobox\":\"off\"});}});\n\/* ]]> *\/<\/script><\/div>","protected":false},"excerpt":{"rendered":"<p>Gestern war es mal wieder so weit. Torben und ich haben uns zum Plaudern mit eingeschaltetem Micro getroffen. Dieses mal plaudern wir zun\u00e4chst h\u00f6chst selbstreferentiell \u00fcber den Podcast, unsere Pl\u00e4ne und Ideen dazu und im Verlauf greifen wir auch ein paar paar ganz hei\u00dfe Eisen auf. Der Podcast ist wie immer im Audioportal des Piratenpartei [&hellip;]<\/p>\n","protected":false},"author":2,"featured_media":0,"comment_status":"open","ping_status":"open","sticky":false,"template":"","format":"standard","meta":{"footnotes":""},"categories":[304,91,268,3],"tags":[360,361,354,283,439,273,363,362,355,356,422,4,437,359,358,357],"class_list":["post-1734","post","type-post","status-publish","format-standard","hentry","category-brandung","category-piraten-politik","category-podcast","category-politik","tag-pk12","tag-anonymous","tag-beschneidung","tag-brandenburg","tag-brandung","tag-europa","tag-indect","tag-neupiraten","tag-partei-der-vernunft","tag-pdv","tag-piraten","tag-piratenpartei","tag-podcast","tag-potsdamer-konferenz","tag-rechtsextremismus","tag-verschworungstheorien"],"_links":{"self":[{"href":"http:\/\/cshelp.net\/blog\/index.php?rest_route=\/wp\/v2\/posts\/1734","targetHints":{"allow":["GET"]}}],"collection":[{"href":"http:\/\/cshelp.net\/blog\/index.php?rest_route=\/wp\/v2\/posts"}],"about":[{"href":"http:\/\/cshelp.net\/blog\/index.php?rest_route=\/wp\/v2\/types\/post"}],"author":[{"embeddable":true,"href":"http:\/\/cshelp.net\/blog\/index.php?rest_route=\/wp\/v2\/users\/2"}],"replies":[{"embeddable":true,"href":"http:\/\/cshelp.net\/blog\/index.php?rest_route=%2Fwp%2Fv2%2Fcomments&post=1734"}],"version-history":[{"count":23,"href":"http:\/\/cshelp.net\/blog\/index.php?rest_route=\/wp\/v2\/posts\/1734\/revisions"}],"predecessor-version":[{"id":1746,"href":"http:\/\/cshelp.net\/blog\/index.php?rest_route=\/wp\/v2\/posts\/1734\/revisions\/1746"}],"wp:attachment":[{"href":"http:\/\/cshelp.net\/blog\/index.php?rest_route=%2Fwp%2Fv2%2Fmedia&parent=1734"}],"wp:term":[{"taxonomy":"category","embeddable":true,"href":"http:\/\/cshelp.net\/blog\/index.php?rest_route=%2Fwp%2Fv2%2Fcategories&post=1734"},{"taxonomy":"post_tag","embeddable":true,"href":"http:\/\/cshelp.net\/blog\/index.php?rest_route=%2Fwp%2Fv2%2Ftags&post=1734"}],"curies":[{"name":"wp","href":"https:\/\/api.w.org\/{rel}","templated":true}]}}