{"id":1442,"date":"2012-05-05T22:00:27","date_gmt":"2012-05-05T21:00:27","guid":{"rendered":"http:\/\/cshelp.net\/blog\/?p=1442"},"modified":"2012-05-06T11:04:38","modified_gmt":"2012-05-06T10:04:38","slug":"verantwortung-ubernehmen","status":"publish","type":"post","link":"http:\/\/cshelp.net\/blog\/?p=1442","title":{"rendered":"Verantwortung \u00fcbernehmen?"},"content":{"rendered":"<p>Der Spitzenkanditat der Piraten Schleswig-Holstein <a title=\"Torge Schmidt\" href=\"https:\/\/twitter.com\/#!\/Torgator\" target=\"_blank\">Torge Schmidt<\/a> hat in einem Interview mit Hannah Beitzer ge\u00e4u\u00dfert, dass die Piraten auch Verantwortung \u00fcbernehmen sollten.<\/p>\n<p>https:\/\/twitter.com\/#!\/HannahBeitzer\/status\/198806478273003523<\/p>\n<p>Ich glaube er hat recht, denn so kann ein Teil der doch <a title=\"Inhalte\" href=\"http:\/\/kein-programm.de\" target=\"_blank\">recht zahlreichen Inhalte<\/a> schneller und besser umgesetzt werden. Deutlich besser, als wenn man (wie in Berlin) gegen eine Regierung ank\u00e4mpft, die trotz Widerstand der Opposition jeden Schei\u00df durchbringen kann.<\/p>\n<p>Sicher werden wir als Politneulinge damit ins kalte Wasser geworfen und wir m\u00fcssen wahnsinnig viel lernen. Aber wir sind doch auch bereit dies zu tun!<\/p>\n<p><a title=\"Christopher Lauer\" href=\"https:\/\/twitter.com\/#!\/Schmidtlepp\" target=\"_blank\">Christopher Lauer<\/a> hat im Interview mit Phoenix auf dem Bundesparteitag in Neum\u00fcnster auf die Frage, ob die Piraten mitregieren wollen, sehr gut geantwortet (ab 1:37:12):<br \/>\n<iframe loading=\"lazy\" title=\"Bundesparteitag der Piraten - Sa, 28.04.2012\" width=\"500\" height=\"281\" src=\"https:\/\/www.youtube.com\/embed\/bCqCPpunn5o?feature=oembed\" frameborder=\"0\" allow=\"accelerometer; autoplay; clipboard-write; encrypted-media; gyroscope; picture-in-picture; web-share\" referrerpolicy=\"strict-origin-when-cross-origin\" allowfullscreen><\/iframe><\/p>\n<p style=\"text-align: center;\">(Video von <a title=\"phoenix\" href=\"https:\/\/www.youtube.com\/user\/phoenix\" target=\"_blank\">phoenix<\/a> auf YouTube)<\/p>\n<p>Bieten wir also am besten an, dass wir <span style=\"text-decoration: underline;\">inhaltlich<\/span> zusammenarbeiten wollen. Denn genau das wollen wir ja auch! Die anderen Parteien sind im Zugzwang. Wir haben im Grunde nichts zu verlieren.<\/p>\n<p>Wer mit den Piraten eine Regierung bilden m\u00f6chte:<\/p>\n<ul>\n<li>Muss sich z.B. darauf einstellen, dass Koalitions- und Regierungsgespr\u00e4che \u00f6ffentlich stattfinden.<\/li>\n<li>Und damit abfinden, dass es keinen Koalitionszwang gibt.<\/li>\n<\/ul>\n<p>Ein Koalitionsvertrag, wenn es denn unbedingt einen geben muss ;), m\u00fcsste eben das, auch ber\u00fccksichtigen. Wenn andere Parteien bereit ist, dies mitzumachen, haben wir politische Dogmen durchbrochen und viel erreicht!<\/p>\n<p>Lasst uns die Zusammenarbeit anbieten! Es liegt nicht an uns, wenn andere nicht auf diese Bedingungen eingehen m\u00f6chten.<\/p>\n<div class=\"twoclick_social_bookmarks_post_1442 social_share_privacy clearfix 1.6.4 locale-de_DE sprite-de_DE\"><\/div><div class=\"twoclick-js\"><script type=\"text\/javascript\">\/* <![CDATA[ *\/\njQuery(document).ready(function($){if($('.twoclick_social_bookmarks_post_1442')){$('.twoclick_social_bookmarks_post_1442').socialSharePrivacy({\"services\":{\"facebook\":{\"status\":\"on\",\"txt_info\":\"\",\"perma_option\":\"off\",\"action\":\"recommend\",\"language\":\"de_DE\"},\"twitter\":{\"reply_to\":\"Mitgezwitschert\",\"tweet_text\":\"Verantwortung%20%C3%BCbernehmen%3F\",\"status\":\"on\",\"txt_info\":\"\",\"perma_option\":\"off\",\"language\":\"de\",\"referrer_track\":\"\"},\"gplus\":{\"status\":\"on\",\"txt_info\":\"\",\"perma_option\":\"off\",\"referrer_track\":\"\"}},\"txt_help\":\"\",\"settings_perma\":\"\",\"info_link\":\"\",\"uri\":\"http:\\\/\\\/cshelp.net\\\/blog\\\/?p=1442\",\"post_id\":1442,\"post_title_referrer_track\":\"Verantwortung+%C3%BCbernehmen%3F\",\"display_infobox\":\"off\"});}});\n\/* ]]> *\/<\/script><\/div>","protected":false},"excerpt":{"rendered":"<p>Der Spitzenkanditat der Piraten Schleswig-Holstein Torge Schmidt hat in einem Interview mit Hannah Beitzer ge\u00e4u\u00dfert, dass die Piraten auch Verantwortung \u00fcbernehmen sollten. https:\/\/twitter.com\/#!\/HannahBeitzer\/status\/198806478273003523 Ich glaube er hat recht, denn so kann ein Teil der doch recht zahlreichen Inhalte schneller und besser umgesetzt werden. Deutlich besser, als wenn man (wie in Berlin) gegen eine Regierung ank\u00e4mpft, [&hellip;]<\/p>\n","protected":false},"author":2,"featured_media":0,"comment_status":"open","ping_status":"open","sticky":false,"template":"","format":"standard","meta":{"footnotes":""},"categories":[91,3],"tags":[325,422,4,324,323],"class_list":["post-1442","post","type-post","status-publish","format-standard","hentry","category-piraten-politik","category-politik","tag-koalition","tag-piraten","tag-piratenpartei","tag-regierung","tag-schleswig-holstein"],"_links":{"self":[{"href":"http:\/\/cshelp.net\/blog\/index.php?rest_route=\/wp\/v2\/posts\/1442","targetHints":{"allow":["GET"]}}],"collection":[{"href":"http:\/\/cshelp.net\/blog\/index.php?rest_route=\/wp\/v2\/posts"}],"about":[{"href":"http:\/\/cshelp.net\/blog\/index.php?rest_route=\/wp\/v2\/types\/post"}],"author":[{"embeddable":true,"href":"http:\/\/cshelp.net\/blog\/index.php?rest_route=\/wp\/v2\/users\/2"}],"replies":[{"embeddable":true,"href":"http:\/\/cshelp.net\/blog\/index.php?rest_route=%2Fwp%2Fv2%2Fcomments&post=1442"}],"version-history":[{"count":34,"href":"http:\/\/cshelp.net\/blog\/index.php?rest_route=\/wp\/v2\/posts\/1442\/revisions"}],"predecessor-version":[{"id":1467,"href":"http:\/\/cshelp.net\/blog\/index.php?rest_route=\/wp\/v2\/posts\/1442\/revisions\/1467"}],"wp:attachment":[{"href":"http:\/\/cshelp.net\/blog\/index.php?rest_route=%2Fwp%2Fv2%2Fmedia&parent=1442"}],"wp:term":[{"taxonomy":"category","embeddable":true,"href":"http:\/\/cshelp.net\/blog\/index.php?rest_route=%2Fwp%2Fv2%2Fcategories&post=1442"},{"taxonomy":"post_tag","embeddable":true,"href":"http:\/\/cshelp.net\/blog\/index.php?rest_route=%2Fwp%2Fv2%2Ftags&post=1442"}],"curies":[{"name":"wp","href":"https:\/\/api.w.org\/{rel}","templated":true}]}}