{"id":1025,"date":"2012-01-11T19:30:46","date_gmt":"2012-01-11T17:30:46","guid":{"rendered":"http:\/\/cshelp.net\/blog\/?p=1025"},"modified":"2012-01-11T22:40:42","modified_gmt":"2012-01-11T20:40:42","slug":"die-medien-und-die-piraten","status":"publish","type":"post","link":"http:\/\/cshelp.net\/blog\/?p=1025","title":{"rendered":"Die Medien und die Piraten"},"content":{"rendered":"<p>Gestern gab es eine Bundespressekonferenz mit Vertretern der Piratenpartei, welche in in der <a title=\"Bundespressekonferenz der Piratenpartei\" href=\"http:\/\/www.n24.de\/mediathek\/pressekonferenz-marschrichtung-der-piraten_1527228.html\" target=\"_blank\">N24-Mediathek<\/a> zu finden ist.<\/p>\n<p>Auf der Pressekonferenz waren <a title=\"Sebastian Nerz\" href=\"https:\/\/twitter.com\/#!\/tirsales\" target=\"_blank\">Sebastian Netz<\/a>, <a title=\"Bernd Schl\u00f6mer\" href=\"https:\/\/twitter.com\/#!\/BuBernd\" target=\"_blank\">Bernd Schl\u00f6mer<\/a>, <a title=\"Marina Weisband\" href=\"https:\/\/twitter.com\/#!\/Afelia\" target=\"_blank\">Marina Weisband<\/a> und S-H Spitzenkandidat <a title=\"Torge Schmidt\" href=\"https:\/\/twitter.com\/#!\/Torgator\" target=\"_blank\">Torge Schmidt<\/a> anwesend.<br \/>\nIch fand die Pressekonferenz insgesamt ganz gut, da die Partei korrekt nach au\u00dfen vertreten wurde.<\/p>\n<p>Die Presse-Reaktionen die im Laufe des Tages kamen haben mich aber nachdenklich gemacht.<\/p>\n<p>Zum Beispiel die Gegen\u00fcberstellung des ZDF &#8222;<a title=\"Entwickeln sich die Piraten weiter?\" href=\"http:\/\/modultool.zdf.de\/public\/Piratenpartei_2011_und_2012\/index.html\" target=\"_blank\">Entwickeln sich die Piraten weiter?<\/a>&#8220; oder der Artikel der S\u00fcddeutschen, der von Hannah Beitzer hier zugespitzt umschrieben wird:<\/p>\n<p>https:\/\/twitter.com\/#!\/HannahBeitzer\/status\/156753682250207232<\/p>\n<p>Bei der Gegen\u00fcberstellung des ZDFs frage ich mich, warum nicht beispielsweise die Positionen zum Urheberrecht gegen\u00fcbergestellt wurden. Ist da zu viel &#8222;C wie ZDF&#8220; im Hinterkopf oder ist eine Entwicklung im Bereich Urheberrecht irrelevant? Angesprochen wurde das Thema auf beiden gegen\u00fcbergestellten Pressekonferenzen.<\/p>\n<p>Das dr\u00e4ngendste Thema zur Zeit ist wohl das Thema Eurokrise. Und ja: Die Piraten haben dazu noch keine L\u00f6sung!<\/p>\n<p>Die Regierungen zerbrechen sich an diesem Thema die K\u00f6pfe und geben auch Antworten. Allerdings bisher keine, die zur L\u00f6sung des Problems f\u00fchrten.<br \/>\nAls eine au\u00dferparlamentarische Partei Antworten zu geben, ohne L\u00f6sungen zu bieten, hat genau keinen Wert.<\/p>\n<p>Ich habe folgenden Verdacht:<\/p>\n<p>https:\/\/twitter.com\/#!\/Mitgezwitschert\/status\/156759113362178048<\/p>\n<p>Einerseits scheinen die Medien mit der Philosophie der Piraten noch nicht so richtig warm geworden zu sein. Ein Piratenvorstand wird (denn so will es die Basis!) bem\u00fcht sein, ausschlie\u00dflich die Parteimeinung nach au\u00dfen zu tragen. Wenn eigene Meinung, muss diese ganz klar als eigene Meinung gekennzeichnet sein! Da dies im Presseartikel schnell schwammig wird, l\u00e4sst man es am besten.<\/p>\n<p>https:\/\/twitter.com\/#!\/Mitgezwitschert\/status\/156759442648612864<\/p>\n<p>Andererseits scheinen wir den Medien aber auch nicht vermitteln zu k\u00f6nnen, was ein Vorstand in der Piratenpartei ist!?<\/p>\n<p>Der Vorstand ist:<\/p>\n<ul>\n<li><span style=\"text-decoration: underline;\">kein<\/span> Ideengeber!<\/li>\n<li><span style=\"text-decoration: underline;\">keiner<\/span>, der sagt wo es lang geht.<\/li>\n<li>laut Parteiengesetz notwendig.<\/li>\n<li>Verwaltungspersonal.<\/li>\n<li>Sprachrohr f\u00fcr die Parteimeinung.<\/li>\n<\/ul>\n<p>Der Vorstand wird auch nicht so werden, wie Medienvertreter es gewohnt sind. Sollte es doch so sein, dann warnt uns, denn wir verlieren wichtigen einen Teil unserer Identit\u00e4t!<\/p>\n<p><strong>Wenn wir beginnen Hierarchien zu etablieren, beginnen wir so zu werden, wie wir nicht werden wollen.<\/strong><\/p>\n<p>Jetzt werde ich etwas orakeln:<strong><br \/>\n<\/strong><\/p>\n<p>Ich versuche am Beispiel Euro-Krise auszuspinnen, wie aus Sicht einer &#8222;Piraten-Gesellschaft&#8220; Regierungspolitik gemacht werden k\u00f6nnte. Nehmen wir also an die Piraten w\u00e4ren in Regierungsverantwortung und h\u00e4tten bereits Reformen durchgef\u00fchrt, um ihre Vorstellung von Demokratie zu erm\u00f6glichen.<\/p>\n<p><em>Die <a title=\"Euro-Krise\" href=\"http:\/\/de.wikipedia.org\/wiki\/Staatsschuldenkrise_im_Euroraum\">Euro-Krise<\/a> gibt es nicht erst seid gestern, sondern seit 2009! Es ist also inzwischen einige Zeit vergangen, genug Zeit also, um tats\u00e4chlich an L\u00f6sungen zu erarbeiten.<\/em><\/p>\n<p><em>Als Piraten-Regierung h\u00e4tte man die Bildung von Experten-Clustern gef\u00f6rdert. Wissenschaftler, Finanzexperten, informierte B\u00fcrger&#8230; bilden v\u00f6llig parteiunabh\u00e4ngige Expertengruppen und erarbeiten verschiedene L\u00f6sungen. Die Regierung sorgt nur daf\u00fcr, dass die Menschen die an L\u00f6sungen arbeiten m\u00f6chten, dies tun k\u00f6nnen. Sie sorgt gleicherma\u00dfen daf\u00fcr, dass alle n\u00f6tigen Informationen zur Verf\u00fcgung stehen. Die aus der Erarbeitung entstandenen L\u00f6sungen werden am Ende dem Volk zur Abstimmung gestellt.<\/em><\/p>\n<p><em>Am Ende steht eine L\u00f6sung, die von der Mehrheit der Menschen getragen wird.<\/em><\/p>\n<p>Das klingt nat\u00fcrlich utopisch! Aber: Es ist genau die Art wie Piraten innerparteilich L\u00f6sungen entwickeln, nur \u00fcbertragen auf die Gesellschaft. Und das braucht eben seine Zeit! Insbesondere dann, wenn wie in der Piratenpartei, nur wenige, ehrenamtlich am Thema arbeiten.<\/p>\n<p><strong>Wir sind nicht hier, um Erwartungen zu erf\u00fcllen. Wir sind hier, um Politik zu ver\u00e4ndern!<\/strong><\/p>\n<p>PS: Bei der Pauschalisierung &#8222;die Medien&#8220; soll sich bitte jeder angesprochen werden, der sich auch nach Lesen des Textes noch angesprochen f\u00fchlt.<\/p>\n<div class=\"twoclick_social_bookmarks_post_1025 social_share_privacy clearfix 1.6.4 locale-de_DE sprite-de_DE\"><\/div><div class=\"twoclick-js\"><script type=\"text\/javascript\">\/* <![CDATA[ *\/\njQuery(document).ready(function($){if($('.twoclick_social_bookmarks_post_1025')){$('.twoclick_social_bookmarks_post_1025').socialSharePrivacy({\"services\":{\"facebook\":{\"status\":\"on\",\"txt_info\":\"\",\"perma_option\":\"off\",\"action\":\"recommend\",\"language\":\"de_DE\"},\"twitter\":{\"reply_to\":\"Mitgezwitschert\",\"tweet_text\":\"Die%20Medien%20und%20die%20Piraten\",\"status\":\"on\",\"txt_info\":\"\",\"perma_option\":\"off\",\"language\":\"de\",\"referrer_track\":\"\"},\"gplus\":{\"status\":\"on\",\"txt_info\":\"\",\"perma_option\":\"off\",\"referrer_track\":\"\"}},\"txt_help\":\"\",\"settings_perma\":\"\",\"info_link\":\"\",\"uri\":\"http:\\\/\\\/cshelp.net\\\/blog\\\/?p=1025\",\"post_id\":1025,\"post_title_referrer_track\":\"Die+Medien+und+die+Piraten\",\"display_infobox\":\"off\"});}});\n\/* ]]> *\/<\/script><\/div>","protected":false},"excerpt":{"rendered":"<p>Gestern gab es eine Bundespressekonferenz mit Vertretern der Piratenpartei, welche in in der N24-Mediathek zu finden ist. Auf der Pressekonferenz waren Sebastian Netz, Bernd Schl\u00f6mer, Marina Weisband und S-H Spitzenkandidat Torge Schmidt anwesend. Ich fand die Pressekonferenz insgesamt ganz gut, da die Partei korrekt nach au\u00dfen vertreten wurde. Die Presse-Reaktionen die im Laufe des Tages [&hellip;]<\/p>\n","protected":false},"author":2,"featured_media":0,"comment_status":"open","ping_status":"open","sticky":false,"template":"","format":"standard","meta":{"footnotes":""},"categories":[210,209,271,14,32,91,3],"tags":[279,278,431,422,4,276,277],"class_list":["post-1025","post","type-post","status-publish","format-standard","hentry","category-burgerrechte","category-demokratie","category-gesellschaft","category-internet","category-medien","category-piraten-politik","category-politik","tag-bundespressekonferenz","tag-hierarchie","tag-medien","tag-piraten","tag-piratenpartei","tag-presse","tag-vorstand"],"_links":{"self":[{"href":"http:\/\/cshelp.net\/blog\/index.php?rest_route=\/wp\/v2\/posts\/1025","targetHints":{"allow":["GET"]}}],"collection":[{"href":"http:\/\/cshelp.net\/blog\/index.php?rest_route=\/wp\/v2\/posts"}],"about":[{"href":"http:\/\/cshelp.net\/blog\/index.php?rest_route=\/wp\/v2\/types\/post"}],"author":[{"embeddable":true,"href":"http:\/\/cshelp.net\/blog\/index.php?rest_route=\/wp\/v2\/users\/2"}],"replies":[{"embeddable":true,"href":"http:\/\/cshelp.net\/blog\/index.php?rest_route=%2Fwp%2Fv2%2Fcomments&post=1025"}],"version-history":[{"count":37,"href":"http:\/\/cshelp.net\/blog\/index.php?rest_route=\/wp\/v2\/posts\/1025\/revisions"}],"predecessor-version":[{"id":1053,"href":"http:\/\/cshelp.net\/blog\/index.php?rest_route=\/wp\/v2\/posts\/1025\/revisions\/1053"}],"wp:attachment":[{"href":"http:\/\/cshelp.net\/blog\/index.php?rest_route=%2Fwp%2Fv2%2Fmedia&parent=1025"}],"wp:term":[{"taxonomy":"category","embeddable":true,"href":"http:\/\/cshelp.net\/blog\/index.php?rest_route=%2Fwp%2Fv2%2Fcategories&post=1025"},{"taxonomy":"post_tag","embeddable":true,"href":"http:\/\/cshelp.net\/blog\/index.php?rest_route=%2Fwp%2Fv2%2Ftags&post=1025"}],"curies":[{"name":"wp","href":"https:\/\/api.w.org\/{rel}","templated":true}]}}